{"id":43,"date":"2009-02-04T16:24:48","date_gmt":"2009-02-04T15:24:48","guid":{"rendered":"https:\/\/blog.guilben.fr\/?p=43"},"modified":"2009-06-26T15:50:44","modified_gmt":"2009-06-26T14:50:44","slug":"arrivee-a-st-marteens-pays-bas","status":"publish","type":"post","link":"https:\/\/blog.guilben.fr\/?p=43","title":{"rendered":"Arriv\u00e9e \u00e0 St Maartens (Pays-Bas)"},"content":{"rendered":"<div id=\"attachment_44\" style=\"width: 410px\" class=\"wp-caption aligncenter\"><a rel=\"attachment wp-att-44\" href=\"https:\/\/blog.guilben.fr\/?attachment_id=44\"><img fetchpriority=\"high\" decoding=\"async\" aria-describedby=\"caption-attachment-44\" class=\"size-full wp-image-44\" title=\"jour1\" src=\"https:\/\/blog.guilben.fr\/wp-content\/uploads\/2009\/02\/jour1.jpg\" alt=\"Apr\u00e8s l'avion, le taxi\" width=\"400\" height=\"316\" srcset=\"https:\/\/blog.guilben.fr\/wp-content\/uploads\/2009\/02\/jour1.jpg 400w, https:\/\/blog.guilben.fr\/wp-content\/uploads\/2009\/02\/jour1-300x237.jpg 300w\" sizes=\"(max-width: 400px) 100vw, 400px\" \/><\/a><p id=\"caption-attachment-44\" class=\"wp-caption-text\">Apr\u00e8s l&#39;avion, le taxi<\/p><\/div>\n<p>Le voyage s&rsquo;est parfaitement d\u00e9roul\u00e9 : avions \u00e0 l&rsquo;heure, accueil tr\u00e8s agr\u00e9able \u00e0 bord et arriv\u00e9e vers 14 h 30, sous le soleil des Antilles.<\/p>\n<p>L&rsquo;agence avait envoy\u00e9 un taxi nous chercher \u00e0 l&rsquo;a\u00e9roport : agr\u00e9able. Le chauffeur, un malabar local nous a amen\u00e9s quasiment au ponton. Apr\u00e8s une prise de possession rapide de nos cabines, ddirection&#8230; le bar, et aussi le mini market pour les courses.<\/p>\n<p><a rel=\"attachment wp-att-73\" href=\"https:\/\/blog.guilben.fr\/?attachment_id=73\"><img decoding=\"async\" class=\"aligncenter size-full wp-image-73\" title=\"Arriv\u00e9e...\" src=\"https:\/\/blog.guilben.fr\/wp-content\/uploads\/2009\/02\/cimg5249.jpg\" alt=\"Arriv\u00e9e...\" width=\"400\" height=\"300\" srcset=\"https:\/\/blog.guilben.fr\/wp-content\/uploads\/2009\/02\/cimg5249.jpg 400w, https:\/\/blog.guilben.fr\/wp-content\/uploads\/2009\/02\/cimg5249-300x225.jpg 300w\" sizes=\"(max-width: 400px) 100vw, 400px\" \/><\/a><a rel=\"attachment wp-att-74\" href=\"https:\/\/blog.guilben.fr\/?attachment_id=74\"><img decoding=\"async\" class=\"aligncenter size-full wp-image-74\" title=\"Vue du port\" src=\"https:\/\/blog.guilben.fr\/wp-content\/uploads\/2009\/02\/p1020976.jpg\" alt=\"Vue du port\" width=\"400\" height=\"300\" srcset=\"https:\/\/blog.guilben.fr\/wp-content\/uploads\/2009\/02\/p1020976.jpg 400w, https:\/\/blog.guilben.fr\/wp-content\/uploads\/2009\/02\/p1020976-300x225.jpg 300w\" sizes=\"(max-width: 400px) 100vw, 400px\" \/><\/a><\/p>\n<p>&#8212;-<\/p>\n<p>N&rsquo;oubliez pas de vous connecter sur France 5 pour un <a href=\"http:\/\/wiki.france5.fr\/index.php\/SAINT_MARTIN_L%27ENVERS_DU_DECORS\" target=\"_blank\">documentaire sur St Martin<\/a> jeudi \u00e0 16 h 30 ! Lire \u00e9galement le commentaire sur le <a href=\"http:\/\/wiki.france5.fr\/index.php\/Special:ShowComment?pageId=4250\" target=\"_blank\">wiki<\/a>, en bas de la page.<\/p>\n","protected":false},"excerpt":{"rendered":"<p>Le voyage s&rsquo;est parfaitement d\u00e9roul\u00e9 : avions \u00e0 l&rsquo;heure, accueil tr\u00e8s agr\u00e9able \u00e0 bord et arriv\u00e9e vers 14 h 30, sous le soleil des Antilles. L&rsquo;agence avait envoy\u00e9 un taxi nous chercher \u00e0 l&rsquo;a\u00e9roport : agr\u00e9able. Le chauffeur, un malabar local nous a amen\u00e9s quasiment au ponton. Apr\u00e8s une prise de possession rapide de nos [&hellip;]<\/p>\n","protected":false},"author":2,"featured_media":0,"comment_status":"open","ping_status":"open","sticky":false,"template":"","format":"standard","meta":{"footnotes":""},"categories":[8],"tags":[3],"class_list":["post-43","post","type-post","status-publish","format-standard","hentry","category-antilles-2009","tag-escales"],"_links":{"self":[{"href":"https:\/\/blog.guilben.fr\/index.php?rest_route=\/wp\/v2\/posts\/43","targetHints":{"allow":["GET"]}}],"collection":[{"href":"https:\/\/blog.guilben.fr\/index.php?rest_route=\/wp\/v2\/posts"}],"about":[{"href":"https:\/\/blog.guilben.fr\/index.php?rest_route=\/wp\/v2\/types\/post"}],"author":[{"embeddable":true,"href":"https:\/\/blog.guilben.fr\/index.php?rest_route=\/wp\/v2\/users\/2"}],"replies":[{"embeddable":true,"href":"https:\/\/blog.guilben.fr\/index.php?rest_route=%2Fwp%2Fv2%2Fcomments&post=43"}],"version-history":[{"count":22,"href":"https:\/\/blog.guilben.fr\/index.php?rest_route=\/wp\/v2\/posts\/43\/revisions"}],"predecessor-version":[{"id":268,"href":"https:\/\/blog.guilben.fr\/index.php?rest_route=\/wp\/v2\/posts\/43\/revisions\/268"}],"wp:attachment":[{"href":"https:\/\/blog.guilben.fr\/index.php?rest_route=%2Fwp%2Fv2%2Fmedia&parent=43"}],"wp:term":[{"taxonomy":"category","embeddable":true,"href":"https:\/\/blog.guilben.fr\/index.php?rest_route=%2Fwp%2Fv2%2Fcategories&post=43"},{"taxonomy":"post_tag","embeddable":true,"href":"https:\/\/blog.guilben.fr\/index.php?rest_route=%2Fwp%2Fv2%2Ftags&post=43"}],"curies":[{"name":"wp","href":"https:\/\/api.w.org\/{rel}","templated":true}]}}