{"id":3446,"date":"2014-06-26T18:17:58","date_gmt":"2014-06-26T16:17:58","guid":{"rendered":"https:\/\/blog.guilben.fr\/?p=3446"},"modified":"2014-06-28T20:52:44","modified_gmt":"2014-06-28T18:52:44","slug":"repos-et-culture","status":"publish","type":"post","link":"https:\/\/blog.guilben.fr\/?p=3446","title":{"rendered":"Repos et culture !"},"content":{"rendered":"<p>&nbsp;<\/p>\n<table style=\"text-align: left; width: 447px; margin-left: auto; margin-right: auto;\" border=\"1\" cellspacing=\"0\" cellpadding=\"0\">\n<tbody>\n<tr align=\"center\">\n<td style=\"vertical-align: top; width: 208px; font-family: Helvetica,Arial,sans-serif; background-color: #ccffff;\" colspan=\"3\" rowspan=\"1\"><strong>Granville (Manche)<\/strong><\/td>\n<\/tr>\n<tr>\n<td style=\"vertical-align: top; width: 208px; text-align: center; font-family: Helvetica,Arial,sans-serif; background-color: #99ff99;\">Le temps&#8230;<\/td>\n<td style=\"vertical-align: top; width: 92px; text-align: center; font-family: Helvetica,Arial,sans-serif; background-color: #ffffcc;\">Le vent&#8230;<\/td>\n<td style=\"vertical-align: top; width: 121px; text-align: center; font-family: Helvetica,Arial,sans-serif; background-color: #ffccff;\">L&rsquo;\u00e9tape<\/td>\n<\/tr>\n<tr>\n<td style=\"vertical-align: top; width: 208px; text-align: center; font-family: Helvetica,Arial,sans-serif;\"><a href=\"https:\/\/blog.guilben.fr\/?attachment_id=2748\" rel=\"attachment wp-att-2748\"><img decoding=\"async\" class=\"size-full wp-image-2748\" src=\"https:\/\/blog.guilben.fr\/wp-content\/uploads\/2013\/06\/Soleil.jpg\" alt=\"Soleil\" width=\"96\" height=\"96\" \/><\/a><a href=\"https:\/\/blog.guilben.fr\/?attachment_id=2925\" rel=\"attachment wp-att-2925\"><img decoding=\"async\" class=\"alignnone size-full wp-image-2925\" src=\"https:\/\/blog.guilben.fr\/wp-content\/uploads\/2013\/07\/Nuages2.jpg\" alt=\"Nuages2\" width=\"96\" height=\"96\" \/><\/a><\/td>\n<td style=\"vertical-align: top; width: 92px; text-align: center; font-family: Helvetica,Arial,sans-serif;\">SW 3 \/ 4\u00a0Soleil,<br \/>\npluie \u00e0 midi\u00a0et soleil en fin de journ\u00e9e<\/td>\n<td style=\"vertical-align: top; width: 121px; text-align: center; font-family: Helvetica,Arial,sans-serif;\">0 mille nautique<\/td>\n<\/tr>\n<\/tbody>\n<\/table>\n<p>Apr\u00e8s trois jours assez intenses, nous ralentissons le rythme, d&rsquo;autant que nous sommes presque pr\u00eats. Apr\u00e8s le march\u00e9 du matin (hu\u00eetres et bulots !) nous visitons dans l&rsquo;apr\u00e8s-midi une exposition du c\u00e9l\u00e8bre photographe\u00a0<a href=\"http:\/\/www.marcriboud.com\/marcriboud\/accueil.html\" target=\"_blank\">Marc Riboud<\/a> au mus\u00e9e <a href=\"http:\/\/www.ville-granville.fr\/musee_art_moderne_richard_anacreon.asp\" target=\"_blank\">Richard Anacr\u00e9on<\/a>. Bon moment !<\/p>\n<p>Devant le mus\u00e9e&#8230;<\/p>\n<p><a href=\"https:\/\/blog.guilben.fr\/?attachment_id=3447\" rel=\"attachment wp-att-3447\"><img fetchpriority=\"high\" decoding=\"async\" class=\"aligncenter size-full wp-image-3447\" src=\"https:\/\/blog.guilben.fr\/wp-content\/uploads\/2014\/06\/P1020929.jpg\" alt=\"P1020929\" width=\"520\" height=\"390\" srcset=\"https:\/\/blog.guilben.fr\/wp-content\/uploads\/2014\/06\/P1020929.jpg 520w, https:\/\/blog.guilben.fr\/wp-content\/uploads\/2014\/06\/P1020929-150x112.jpg 150w, https:\/\/blog.guilben.fr\/wp-content\/uploads\/2014\/06\/P1020929-1x1.jpg 1w, https:\/\/blog.guilben.fr\/wp-content\/uploads\/2014\/06\/P1020929-450x337.jpg 450w\" sizes=\"(max-width: 520px) 100vw, 520px\" \/><\/a><\/p>\n<p>Depuis les terrasses autour du mus\u00e9e, de beaux panoramas s&rsquo;offrent \u00e0 nous : vue sur le casino et la grande plage, sur l&rsquo;archipel <a href=\"http:\/\/guilben.fr\/Chausey.html\" target=\"_blank\">Chausey<\/a> et sur la pointe de Carolles<\/p>\n<p><a href=\"https:\/\/blog.guilben.fr\/?attachment_id=3448\" rel=\"attachment wp-att-3448\"><img loading=\"lazy\" decoding=\"async\" class=\"aligncenter size-full wp-image-3448\" src=\"https:\/\/blog.guilben.fr\/wp-content\/uploads\/2014\/06\/P1020931.jpg\" alt=\"P1020931\" width=\"520\" height=\"390\" srcset=\"https:\/\/blog.guilben.fr\/wp-content\/uploads\/2014\/06\/P1020931.jpg 520w, https:\/\/blog.guilben.fr\/wp-content\/uploads\/2014\/06\/P1020931-150x112.jpg 150w, https:\/\/blog.guilben.fr\/wp-content\/uploads\/2014\/06\/P1020931-1x1.jpg 1w, https:\/\/blog.guilben.fr\/wp-content\/uploads\/2014\/06\/P1020931-450x337.jpg 450w\" sizes=\"(max-width: 520px) 100vw, 520px\" \/><\/a><\/p>\n<p>Ce matin nous avons vu arriver dans le port la deuxi\u00e8me bisquine du coin : la Cancalaise, dont les r\u00e9gates avec la <a href=\"https:\/\/blog.guilben.fr\/wp-content\/uploads\/2014\/06\/DSCN3845.jpg\" target=\"_blank\">Granvillaise<\/a> sont m\u00e9morables !<\/p>\n<p><a href=\"https:\/\/blog.guilben.fr\/?attachment_id=3449\" rel=\"attachment wp-att-3449\"><img loading=\"lazy\" decoding=\"async\" class=\"aligncenter size-full wp-image-3449\" src=\"https:\/\/blog.guilben.fr\/wp-content\/uploads\/2014\/06\/P1020918.jpg\" alt=\"P1020918\" width=\"520\" height=\"390\" srcset=\"https:\/\/blog.guilben.fr\/wp-content\/uploads\/2014\/06\/P1020918.jpg 520w, https:\/\/blog.guilben.fr\/wp-content\/uploads\/2014\/06\/P1020918-150x112.jpg 150w, https:\/\/blog.guilben.fr\/wp-content\/uploads\/2014\/06\/P1020918-1x1.jpg 1w, https:\/\/blog.guilben.fr\/wp-content\/uploads\/2014\/06\/P1020918-450x337.jpg 450w\" sizes=\"(max-width: 520px) 100vw, 520px\" \/><\/a><\/p>\n<p>&nbsp;<\/p>\n","protected":false},"excerpt":{"rendered":"<p>&nbsp; Granville (Manche) Le temps&#8230; Le vent&#8230; L&rsquo;\u00e9tape SW 3 \/ 4\u00a0Soleil, pluie \u00e0 midi\u00a0et soleil en fin de journ\u00e9e 0 mille nautique Apr\u00e8s trois jours assez intenses, nous ralentissons le rythme, d&rsquo;autant que nous sommes presque pr\u00eats. Apr\u00e8s le march\u00e9 du matin (hu\u00eetres et bulots !) nous visitons dans l&rsquo;apr\u00e8s-midi une exposition du c\u00e9l\u00e8bre [&hellip;]<\/p>\n","protected":false},"author":2,"featured_media":0,"comment_status":"open","ping_status":"open","sticky":false,"template":"","format":"standard","meta":{"footnotes":""},"categories":[24],"tags":[3],"class_list":["post-3446","post","type-post","status-publish","format-standard","hentry","category-ete-2014","tag-escales"],"_links":{"self":[{"href":"https:\/\/blog.guilben.fr\/index.php?rest_route=\/wp\/v2\/posts\/3446","targetHints":{"allow":["GET"]}}],"collection":[{"href":"https:\/\/blog.guilben.fr\/index.php?rest_route=\/wp\/v2\/posts"}],"about":[{"href":"https:\/\/blog.guilben.fr\/index.php?rest_route=\/wp\/v2\/types\/post"}],"author":[{"embeddable":true,"href":"https:\/\/blog.guilben.fr\/index.php?rest_route=\/wp\/v2\/users\/2"}],"replies":[{"embeddable":true,"href":"https:\/\/blog.guilben.fr\/index.php?rest_route=%2Fwp%2Fv2%2Fcomments&post=3446"}],"version-history":[{"count":0,"href":"https:\/\/blog.guilben.fr\/index.php?rest_route=\/wp\/v2\/posts\/3446\/revisions"}],"wp:attachment":[{"href":"https:\/\/blog.guilben.fr\/index.php?rest_route=%2Fwp%2Fv2%2Fmedia&parent=3446"}],"wp:term":[{"taxonomy":"category","embeddable":true,"href":"https:\/\/blog.guilben.fr\/index.php?rest_route=%2Fwp%2Fv2%2Fcategories&post=3446"},{"taxonomy":"post_tag","embeddable":true,"href":"https:\/\/blog.guilben.fr\/index.php?rest_route=%2Fwp%2Fv2%2Ftags&post=3446"}],"curies":[{"name":"wp","href":"https:\/\/api.w.org\/{rel}","templated":true}]}}