{"id":3434,"date":"2014-06-24T18:48:05","date_gmt":"2014-06-24T16:48:05","guid":{"rendered":"https:\/\/blog.guilben.fr\/?p=3434"},"modified":"2014-06-28T18:43:43","modified_gmt":"2014-06-28T16:43:43","slug":"point-de-ralliement-granville","status":"publish","type":"post","link":"https:\/\/blog.guilben.fr\/?p=3434","title":{"rendered":"Point de ralliement : Granville"},"content":{"rendered":"<p><\/br><\/p>\n<table style=\"text-align: left; width: 447px; margin-left: auto; margin-right: auto;\" border=\"1\" cellspacing=\"0\" cellpadding=\"0\">\n<tbody>\n<tr align=\"center\">\n<td style=\"vertical-align: top; width: 208px; font-family: Helvetica,Arial,sans-serif; background-color: #ccffff;\" colspan=\"3\" rowspan=\"1\"><strong>Granville (Manche)<\/strong><\/td>\n<\/tr>\n<tr>\n<td style=\"vertical-align: top; width: 208px; text-align: center; font-family: Helvetica,Arial,sans-serif; background-color: #99ff99;\">Le temps&#8230;<\/td>\n<td style=\"vertical-align: top; width: 92px; text-align: center; font-family: Helvetica,Arial,sans-serif; background-color: #ffffcc;\">Le vent&#8230;<\/td>\n<td style=\"vertical-align: top; width: 121px; text-align: center; font-family: Helvetica,Arial,sans-serif; background-color: #ffccff;\">L&rsquo;\u00e9tape<\/td>\n<\/tr>\n<tr>\n<td style=\"vertical-align: top; width: 208px; text-align: center; font-family: Helvetica,Arial,sans-serif;\"><a href=\"https:\/\/blog.guilben.fr\/?attachment_id=2748\" rel=\"attachment wp-att-2748\"><img decoding=\"async\" class=\"size-full wp-image-2748\" src=\"https:\/\/blog.guilben.fr\/wp-content\/uploads\/2013\/06\/Soleil.jpg\" alt=\"Soleil\" width=\"96\" height=\"96\" \/><\/a><a href=\"https:\/\/blog.guilben.fr\/?attachment_id=2748\" rel=\"attachment wp-att-2748\"><img decoding=\"async\" class=\"size-full wp-image-2748\" src=\"https:\/\/blog.guilben.fr\/wp-content\/uploads\/2013\/06\/Soleil.jpg\" alt=\"Soleil\" width=\"96\" height=\"96\" \/><\/a><\/td>\n<td style=\"vertical-align: top; width: 92px; text-align: center; font-family: Helvetica,Arial,sans-serif;\">&nbsp;<\/p>\n<p>NE 2\/3<\/td>\n<td style=\"vertical-align: top; width: 121px; text-align: center; font-family: Helvetica,Arial,sans-serif;\">&nbsp;<\/p>\n<p>0,2 mille nautique<\/td>\n<\/tr>\n<\/tbody>\n<\/table>\n<p>Apr\u00e8s avoir pr\u00e9par\u00e9 et charg\u00e9 le bateau nous mettons le cap sur Granville.<\/p>\n<p><a href=\"https:\/\/blog.guilben.fr\/?attachment_id=3436\" rel=\"attachment wp-att-3436\"><img fetchpriority=\"high\" decoding=\"async\" class=\"aligncenter size-full wp-image-3436\" src=\"https:\/\/blog.guilben.fr\/wp-content\/uploads\/2014\/06\/IMG_0641-2.jpg\" alt=\"IMG_0641-2\" width=\"520\" height=\"390\" srcset=\"https:\/\/blog.guilben.fr\/wp-content\/uploads\/2014\/06\/IMG_0641-2.jpg 520w, https:\/\/blog.guilben.fr\/wp-content\/uploads\/2014\/06\/IMG_0641-2-150x112.jpg 150w, https:\/\/blog.guilben.fr\/wp-content\/uploads\/2014\/06\/IMG_0641-2-1x1.jpg 1w, https:\/\/blog.guilben.fr\/wp-content\/uploads\/2014\/06\/IMG_0641-2-450x337.jpg 450w\" sizes=\"(max-width: 520px) 100vw, 520px\" \/><\/a>Pr\u00eat \u00e0 partir&#8230; sur la remorque !<br \/>\n<iframe style=\"border: 0;\" src=\"https:\/\/www.google.com\/maps\/embed?pb=!1m10!1m8!1m3!1d10505.503223196009!2d-1.6010179!3d48.83197!3m2!1i1024!2i768!4f13.1!5e0!3m2!1sfr!2sfr!4v1402951404210\" width=\"500\" height=\"500\" frameborder=\"0\"><\/iframe><\/p>\n<p>Arriv\u00e9e sous un soleil de plomb ! C&rsquo;est un des rares ports o\u00f9 la descente vers la mer sur les sangles du Travel-lift peut se faire avec quelqu&rsquo;un \u00e0 bord.<br \/>\n<iframe src=\"\/\/www.dailymotion.com\/embed\/video\/x206nso\" width=\"480\" height=\"270\" frameborder=\"0\" allowfullscreen=\"allowfullscreen\"><\/iframe><br \/>\n<a href=\"http:\/\/www.dailymotion.com\/video\/x206nso_misalogranville_people\" target=\"_blank\">MisaloGranville<\/a> <i>par <a href=\"http:\/\/www.dailymotion.com\/guilben\" target=\"_blank\">guilben<\/a><\/i><br \/>\nPuis le m\u00e2tage se fait \u00e0 l&rsquo;aide de\u00a0la nouvelle mini grue \u00e9lectrique et t\u00e9l\u00e9command\u00e9e. Je ne peux qu&rsquo;aider deux ouvriers tr\u00e8s comp\u00e9tents.<\/p>\n<p><a href=\"https:\/\/blog.guilben.fr\/?attachment_id=3437\" rel=\"attachment wp-att-3437\"><img decoding=\"async\" class=\"aligncenter size-full wp-image-3437\" src=\"https:\/\/blog.guilben.fr\/wp-content\/uploads\/2014\/06\/DSCN3836.jpg\" alt=\"DSCN3836\" width=\"520\" height=\"390\" srcset=\"https:\/\/blog.guilben.fr\/wp-content\/uploads\/2014\/06\/DSCN3836.jpg 520w, https:\/\/blog.guilben.fr\/wp-content\/uploads\/2014\/06\/DSCN3836-150x112.jpg 150w, https:\/\/blog.guilben.fr\/wp-content\/uploads\/2014\/06\/DSCN3836-1x1.jpg 1w, https:\/\/blog.guilben.fr\/wp-content\/uploads\/2014\/06\/DSCN3836-450x337.jpg 450w\" sizes=\"(max-width: 520px) 100vw, 520px\" \/><\/a><\/p>\n<p>&nbsp;<\/p>\n<p>&nbsp;<\/p>\n<p>Enfin, je rejoins une place dans le port avant midi. Annie arrive vers 14 h 30. Nous installons la b\u00f4me puis le g\u00e9nois. Apr\u00e8s les\u00a0rangements des nombreux accessoires n\u00e9cessaires \u00e0 toutes ces op\u00e9rations, nous prenons un peu de repos.<\/p>\n<p><em>Nota : les plus patients pourront regarder d\u00e9filer tranquillement les images du bandeau, sous forme de diaporama compos\u00e9 uniquement d&rsquo;images de l&rsquo;\u00e9t\u00e9 2013.<\/em><\/p>\n","protected":false},"excerpt":{"rendered":"<p>Granville (Manche) Le temps&#8230; Le vent&#8230; L&rsquo;\u00e9tape &nbsp; NE 2\/3 &nbsp; 0,2 mille nautique Apr\u00e8s avoir pr\u00e9par\u00e9 et charg\u00e9 le bateau nous mettons le cap sur Granville. Pr\u00eat \u00e0 partir&#8230; sur la remorque ! Arriv\u00e9e sous un soleil de plomb ! C&rsquo;est un des rares ports o\u00f9 la descente vers la mer sur les sangles [&hellip;]<\/p>\n","protected":false},"author":2,"featured_media":0,"comment_status":"open","ping_status":"open","sticky":false,"template":"","format":"standard","meta":{"footnotes":""},"categories":[24],"tags":[5],"class_list":["post-3434","post","type-post","status-publish","format-standard","hentry","category-ete-2014","tag-preparatifs"],"_links":{"self":[{"href":"https:\/\/blog.guilben.fr\/index.php?rest_route=\/wp\/v2\/posts\/3434","targetHints":{"allow":["GET"]}}],"collection":[{"href":"https:\/\/blog.guilben.fr\/index.php?rest_route=\/wp\/v2\/posts"}],"about":[{"href":"https:\/\/blog.guilben.fr\/index.php?rest_route=\/wp\/v2\/types\/post"}],"author":[{"embeddable":true,"href":"https:\/\/blog.guilben.fr\/index.php?rest_route=\/wp\/v2\/users\/2"}],"replies":[{"embeddable":true,"href":"https:\/\/blog.guilben.fr\/index.php?rest_route=%2Fwp%2Fv2%2Fcomments&post=3434"}],"version-history":[{"count":0,"href":"https:\/\/blog.guilben.fr\/index.php?rest_route=\/wp\/v2\/posts\/3434\/revisions"}],"wp:attachment":[{"href":"https:\/\/blog.guilben.fr\/index.php?rest_route=%2Fwp%2Fv2%2Fmedia&parent=3434"}],"wp:term":[{"taxonomy":"category","embeddable":true,"href":"https:\/\/blog.guilben.fr\/index.php?rest_route=%2Fwp%2Fv2%2Fcategories&post=3434"},{"taxonomy":"post_tag","embeddable":true,"href":"https:\/\/blog.guilben.fr\/index.php?rest_route=%2Fwp%2Fv2%2Ftags&post=3434"}],"curies":[{"name":"wp","href":"https:\/\/api.w.org\/{rel}","templated":true}]}}