{"id":3163,"date":"2013-08-01T19:03:21","date_gmt":"2013-08-01T17:03:21","guid":{"rendered":"https:\/\/blog.guilben.fr\/?p=3163"},"modified":"2016-11-03T17:41:41","modified_gmt":"2016-11-03T16:41:41","slug":"camaret-a-audierne-sous-la-brume","status":"publish","type":"post","link":"https:\/\/blog.guilben.fr\/?p=3163","title":{"rendered":"Camaret \u00e0 Audierne&#8230; sous la brume !"},"content":{"rendered":"<p>&nbsp;<\/p>\n<table style=\"text-align: left; width: 447px; margin-left: auto; margin-right: auto;\" border=\"0\" cellspacing=\"2\" cellpadding=\"2\">\n<tbody>\n<tr align=\"center\">\n<td style=\"vertical-align: top; width: 208px; font-family: Helvetica,Arial,sans-serif;\" colspan=\"3\" rowspan=\"1\"><strong>Depuis Camaret<br \/>\n<\/strong><\/td>\n<\/tr>\n<tr>\n<td style=\"vertical-align: top; width: 208px; text-align: center; font-family: Helvetica,Arial,sans-serif;\">Le temps&#8230;<\/td>\n<td style=\"vertical-align: top; width: 92px; text-align: center; font-family: Helvetica,Arial,sans-serif;\">Le vent&#8230;<\/td>\n<td style=\"vertical-align: top; width: 121px; text-align: center; font-family: Helvetica,Arial,sans-serif;\">L&rsquo;\u00e9tape<\/td>\n<\/tr>\n<tr>\n<td style=\"vertical-align: top; width: 208px; text-align: center; font-family: Helvetica,Arial,sans-serif;\"><a href=\"https:\/\/blog.guilben.fr\/?attachment_id=2748\" rel=\"attachment wp-att-2748\"><img decoding=\"async\" class=\"aligncenter wp-image-2748 size-full\" src=\"https:\/\/blog.guilben.fr\/wp-content\/uploads\/2013\/06\/Soleil.jpg\" width=\"96\" height=\"96\"><\/a><\/td>\n<td style=\"vertical-align: top; width: 92px; text-align: center; font-family: Helvetica,Arial,sans-serif;\">S \/ SW 0 \u00e0 2<\/td>\n<td style=\"vertical-align: top; width: 121px; text-align: center; font-family: Helvetica,Arial,sans-serif;\">31 milles nautiques<\/td>\n<\/tr>\n<\/tbody>\n<\/table>\n<p>Nous partons de Camaret d\u00e8s que la brume s&rsquo;est lev\u00e9e (sur le port car nous retombons dans la brume au bout de 20 minutes !)<\/p>\n<p><a href=\"https:\/\/blog.guilben.fr\/?attachment_id=3164\" rel=\"attachment wp-att-3164\"><img fetchpriority=\"high\" decoding=\"async\" class=\"aligncenter size-full wp-image-3164\" src=\"https:\/\/blog.guilben.fr\/wp-content\/uploads\/2013\/08\/CIMG9515.jpg\" alt=\"CIMG9515\" width=\"450\" height=\"338\" srcset=\"https:\/\/blog.guilben.fr\/wp-content\/uploads\/2013\/08\/CIMG9515.jpg 450w, https:\/\/blog.guilben.fr\/wp-content\/uploads\/2013\/08\/CIMG9515-150x112.jpg 150w, https:\/\/blog.guilben.fr\/wp-content\/uploads\/2013\/08\/CIMG9515-300x225.jpg 300w\" sizes=\"(max-width: 450px) 100vw, 450px\" \/><\/a><\/p>\n<p>&nbsp;<\/p>\n<p>La navigation demande beaucoup d&rsquo;attention (veille permanente car la visibilit\u00e9 est inf\u00e9rieure \u00e0 200 m). Nous d\u00e9couvrons des bateaux quand nous les avons crois\u00e9s. Heureusement, la cartographie sur Ipad est de grande pr\u00e9cision.<\/p>\n<p><a href=\"https:\/\/blog.guilben.fr\/?attachment_id=3165\" rel=\"attachment wp-att-3165\"><img decoding=\"async\" class=\"aligncenter size-full wp-image-3165\" src=\"https:\/\/blog.guilben.fr\/wp-content\/uploads\/2013\/08\/CIMG9522.jpg\" alt=\"CIMG9522\" width=\"450\" height=\"337\" srcset=\"https:\/\/blog.guilben.fr\/wp-content\/uploads\/2013\/08\/CIMG9522.jpg 450w, https:\/\/blog.guilben.fr\/wp-content\/uploads\/2013\/08\/CIMG9522-150x112.jpg 150w, https:\/\/blog.guilben.fr\/wp-content\/uploads\/2013\/08\/CIMG9522-300x224.jpg 300w\" sizes=\"(max-width: 450px) 100vw, 450px\" \/><\/a><\/p>\n<p>&nbsp;<\/p>\n<p>Nous d\u00e9couvrons la pointe du Raz une fois pass\u00e9e, quand la brume commence \u00e0 se lever !<\/p>\n<p><a href=\"https:\/\/blog.guilben.fr\/?attachment_id=3166\" rel=\"attachment wp-att-3166\"><img loading=\"lazy\" decoding=\"async\" class=\"aligncenter size-full wp-image-3166\" src=\"https:\/\/blog.guilben.fr\/wp-content\/uploads\/2013\/08\/CIMG9527.jpg\" alt=\"CIMG9527\" width=\"450\" height=\"338\" srcset=\"https:\/\/blog.guilben.fr\/wp-content\/uploads\/2013\/08\/CIMG9527.jpg 450w, https:\/\/blog.guilben.fr\/wp-content\/uploads\/2013\/08\/CIMG9527-150x112.jpg 150w, https:\/\/blog.guilben.fr\/wp-content\/uploads\/2013\/08\/CIMG9527-300x225.jpg 300w\" sizes=\"(max-width: 450px) 100vw, 450px\" \/><\/a><\/p>\n<p>Le port d&rsquo;Audierne \u00e9tant ferm\u00e9 pour un rassemblement, nous nous amarrons au port des Evettes&#8230; Si le cadre est tr\u00e8s joli, la nuit sera un peu agit\u00e9e !<\/p>\n<p><a href=\"https:\/\/blog.guilben.fr\/?attachment_id=3167\" rel=\"attachment wp-att-3167\"><img loading=\"lazy\" decoding=\"async\" class=\"aligncenter size-full wp-image-3167\" src=\"https:\/\/blog.guilben.fr\/wp-content\/uploads\/2013\/08\/CIMG9547.jpg\" alt=\"CIMG9547\" width=\"450\" height=\"338\" srcset=\"https:\/\/blog.guilben.fr\/wp-content\/uploads\/2013\/08\/CIMG9547.jpg 450w, https:\/\/blog.guilben.fr\/wp-content\/uploads\/2013\/08\/CIMG9547-150x112.jpg 150w, https:\/\/blog.guilben.fr\/wp-content\/uploads\/2013\/08\/CIMG9547-300x225.jpg 300w\" sizes=\"(max-width: 450px) 100vw, 450px\" \/><\/a><\/p>\n<p>&nbsp;<\/p>\n","protected":false},"excerpt":{"rendered":"<p>&nbsp; Depuis Camaret Le temps&#8230; Le vent&#8230; L&rsquo;\u00e9tape S \/ SW 0 \u00e0 2 31 milles nautiques Nous partons de Camaret d\u00e8s que la brume s&rsquo;est lev\u00e9e (sur le port car nous retombons dans la brume au bout de 20 minutes !) &nbsp; La navigation demande beaucoup d&rsquo;attention (veille permanente car la visibilit\u00e9 est inf\u00e9rieure [&hellip;]<\/p>\n","protected":false},"author":2,"featured_media":0,"comment_status":"open","ping_status":"open","sticky":false,"template":"","format":"standard","meta":{"footnotes":""},"categories":[16],"tags":[18,4],"class_list":["post-3163","post","type-post","status-publish","format-standard","hentry","category-ete-2013","tag-les-caps","tag-navigation"],"_links":{"self":[{"href":"https:\/\/blog.guilben.fr\/index.php?rest_route=\/wp\/v2\/posts\/3163","targetHints":{"allow":["GET"]}}],"collection":[{"href":"https:\/\/blog.guilben.fr\/index.php?rest_route=\/wp\/v2\/posts"}],"about":[{"href":"https:\/\/blog.guilben.fr\/index.php?rest_route=\/wp\/v2\/types\/post"}],"author":[{"embeddable":true,"href":"https:\/\/blog.guilben.fr\/index.php?rest_route=\/wp\/v2\/users\/2"}],"replies":[{"embeddable":true,"href":"https:\/\/blog.guilben.fr\/index.php?rest_route=%2Fwp%2Fv2%2Fcomments&post=3163"}],"version-history":[{"count":4,"href":"https:\/\/blog.guilben.fr\/index.php?rest_route=\/wp\/v2\/posts\/3163\/revisions"}],"predecessor-version":[{"id":3170,"href":"https:\/\/blog.guilben.fr\/index.php?rest_route=\/wp\/v2\/posts\/3163\/revisions\/3170"}],"wp:attachment":[{"href":"https:\/\/blog.guilben.fr\/index.php?rest_route=%2Fwp%2Fv2%2Fmedia&parent=3163"}],"wp:term":[{"taxonomy":"category","embeddable":true,"href":"https:\/\/blog.guilben.fr\/index.php?rest_route=%2Fwp%2Fv2%2Fcategories&post=3163"},{"taxonomy":"post_tag","embeddable":true,"href":"https:\/\/blog.guilben.fr\/index.php?rest_route=%2Fwp%2Fv2%2Ftags&post=3163"}],"curies":[{"name":"wp","href":"https:\/\/api.w.org\/{rel}","templated":true}]}}