{"id":2774,"date":"2013-06-29T18:50:34","date_gmt":"2013-06-29T16:50:34","guid":{"rendered":"https:\/\/blog.guilben.fr\/?p=2774"},"modified":"2016-11-03T17:43:46","modified_gmt":"2016-11-03T16:43:46","slug":"gastronomie-et-histoire","status":"publish","type":"post","link":"https:\/\/blog.guilben.fr\/?p=2774","title":{"rendered":"Gastronomie et histoire\u2026"},"content":{"rendered":"<p>&nbsp;<\/p>\n<table style=\"text-align: left; width: 447px; margin-left: auto; margin-right: auto;\" border=\"0\" cellspacing=\"2\" cellpadding=\"2\">\n<tbody>\n<tr align=\"center\">\n<td style=\"vertical-align: top; width: 208px; font-family: Helvetica,Arial,sans-serif;\" colspan=\"3\" rowspan=\"1\"><strong>Depuis<\/strong><strong> Courseulles<\/strong><\/td>\n<\/tr>\n<tr>\n<td style=\"vertical-align: top; width: 208px; text-align: center; font-family: Helvetica,Arial,sans-serif;\">Le temps&#8230;<\/td>\n<td style=\"vertical-align: top; width: 92px; text-align: center; font-family: Helvetica,Arial,sans-serif;\">Le vent&#8230;<\/td>\n<td style=\"vertical-align: top; width: 121px; text-align: center; font-family: Helvetica,Arial,sans-serif;\">L&rsquo;\u00e9tape<\/td>\n<\/tr>\n<tr>\n<td style=\"vertical-align: top; width: 208px; text-align: center; font-family: Helvetica,Arial,sans-serif;\"><a href=\"https:\/\/blog.guilben.fr\/?attachment_id=2749\" rel=\"attachment wp-att-2749\"><img decoding=\"async\" class=\"aligncenter wp-image-2749 size-full\" src=\"https:\/\/blog.guilben.fr\/wp-content\/uploads\/2013\/06\/SolVoile.jpg\" width=\"96\" height=\"96\"><\/a><a href=\"https:\/\/blog.guilben.fr\/?attachment_id=2748\" rel=\"attachment wp-att-2748\"><img decoding=\"async\" class=\"aligncenter wp-image-2748 size-full\" src=\"https:\/\/blog.guilben.fr\/wp-content\/uploads\/2013\/06\/Soleil.jpg\" width=\"96\" height=\"96\"><\/a><\/td>\n<td style=\"vertical-align: top; width: 92px; text-align: center; font-family: Helvetica,Arial,sans-serif;\">SW\/W8\/12 n\u0153uds<\/td>\n<td style=\"vertical-align: top; width: 121px; text-align: center; font-family: Helvetica,Arial,sans-serif;\">0 miles<\/td>\n<\/tr>\n<\/tbody>\n<\/table>\n<p>En allant au march\u00e9 aux poissons, nous croisons ces filets multicolores, que nous ne rencontrons pas ailleurs.<\/p>\n<p><a href=\"https:\/\/blog.guilben.fr\/?attachment_id=2775\" rel=\"attachment wp-att-2775\"><img fetchpriority=\"high\" decoding=\"async\" class=\"aligncenter size-full wp-image-2775\" src=\"https:\/\/blog.guilben.fr\/wp-content\/uploads\/2013\/06\/IMG_0259.jpg\" alt=\"IMG_0259\" width=\"450\" height=\"338\" srcset=\"https:\/\/blog.guilben.fr\/wp-content\/uploads\/2013\/06\/IMG_0259.jpg 450w, https:\/\/blog.guilben.fr\/wp-content\/uploads\/2013\/06\/IMG_0259-150x112.jpg 150w, https:\/\/blog.guilben.fr\/wp-content\/uploads\/2013\/06\/IMG_0259-300x225.jpg 300w\" sizes=\"(max-width: 450px) 100vw, 450px\" \/><\/a><\/p>\n<p>&nbsp;<\/p>\n<p>Les \u00e9tals proposent le produit de la p\u00eache des bateaux de Courseulles. Nous ne pouvons pas r\u00e9sister \u00e0 l&rsquo;appel des ces demi-tourteaux qui seront mang\u00e9s ce midi !<\/p>\n<p><a href=\"https:\/\/blog.guilben.fr\/?attachment_id=2776\" rel=\"attachment wp-att-2776\"><img loading=\"lazy\" decoding=\"async\" class=\"aligncenter size-full wp-image-2776\" src=\"https:\/\/blog.guilben.fr\/wp-content\/uploads\/2013\/06\/IMG_0261.jpg\" alt=\"IMG_0261\" width=\"450\" height=\"338\" srcset=\"https:\/\/blog.guilben.fr\/wp-content\/uploads\/2013\/06\/IMG_0261.jpg 450w, https:\/\/blog.guilben.fr\/wp-content\/uploads\/2013\/06\/IMG_0261-150x112.jpg 150w, https:\/\/blog.guilben.fr\/wp-content\/uploads\/2013\/06\/IMG_0261-300x225.jpg 300w\" sizes=\"(max-width: 450px) 100vw, 450px\" \/><\/a><\/p>\n<p>Nous partons ensuite du c\u00f4t\u00e9 des plages o\u00f9 ont d\u00e9barqu\u00e9 des r\u00e9giments canadiens. Encore beaucoup de vestiges, comme ce blockhaus pench\u00e9, un des premiers a avoir \u00e9t\u00e9 pris par les alli\u00e9s, en 1944.<\/p>\n<p><a href=\"https:\/\/blog.guilben.fr\/?attachment_id=2777\" rel=\"attachment wp-att-2777\"><img loading=\"lazy\" decoding=\"async\" class=\"aligncenter size-full wp-image-2777\" src=\"https:\/\/blog.guilben.fr\/wp-content\/uploads\/2013\/06\/P1010077.jpg\" alt=\"P1010077\" width=\"450\" height=\"337\" srcset=\"https:\/\/blog.guilben.fr\/wp-content\/uploads\/2013\/06\/P1010077.jpg 450w, https:\/\/blog.guilben.fr\/wp-content\/uploads\/2013\/06\/P1010077-150x112.jpg 150w, https:\/\/blog.guilben.fr\/wp-content\/uploads\/2013\/06\/P1010077-300x224.jpg 300w\" sizes=\"(max-width: 450px) 100vw, 450px\" \/><\/a><\/p>\n<p>Le d\u00e9barquement (pour quelques jours) du g\u00e9n\u00e9ral De Gaulle, ici m\u00eame pour aller installer \u00e0 Bayeux le gouvernement provisoire de la France est comm\u00e9mor\u00e9 de fa\u00e7on \u00ab\u00a0ostensible\u00a0\u00bb !<\/p>\n<p><a href=\"https:\/\/blog.guilben.fr\/?attachment_id=2778\" rel=\"attachment wp-att-2778\"><img loading=\"lazy\" decoding=\"async\" class=\"aligncenter size-full wp-image-2778\" src=\"https:\/\/blog.guilben.fr\/wp-content\/uploads\/2013\/06\/P1010079.jpg\" alt=\"P1010079\" width=\"450\" height=\"337\" srcset=\"https:\/\/blog.guilben.fr\/wp-content\/uploads\/2013\/06\/P1010079.jpg 450w, https:\/\/blog.guilben.fr\/wp-content\/uploads\/2013\/06\/P1010079-150x112.jpg 150w, https:\/\/blog.guilben.fr\/wp-content\/uploads\/2013\/06\/P1010079-300x224.jpg 300w\" sizes=\"(max-width: 450px) 100vw, 450px\" \/><\/a><\/p>\n<p>Enfin, pour clore cette balade vers la mer, un retour vers le port nous fait d\u00e9couvrir le chenal d&rsquo;entr\u00e9e sous un jour nouveau\u2026 et tr\u00e8s ensoleill\u00e9 !<\/p>\n<p><a href=\"https:\/\/blog.guilben.fr\/?attachment_id=2779\" rel=\"attachment wp-att-2779\"><img loading=\"lazy\" decoding=\"async\" class=\"aligncenter size-full wp-image-2779\" src=\"https:\/\/blog.guilben.fr\/wp-content\/uploads\/2013\/06\/P1010081.jpg\" alt=\"P1010081\" width=\"450\" height=\"338\" srcset=\"https:\/\/blog.guilben.fr\/wp-content\/uploads\/2013\/06\/P1010081.jpg 450w, https:\/\/blog.guilben.fr\/wp-content\/uploads\/2013\/06\/P1010081-150x112.jpg 150w, https:\/\/blog.guilben.fr\/wp-content\/uploads\/2013\/06\/P1010081-300x225.jpg 300w\" sizes=\"(max-width: 450px) 100vw, 450px\" \/><\/a><\/p>\n<p>&nbsp;<\/p>\n<p>&nbsp;<\/p>\n","protected":false},"excerpt":{"rendered":"<p>&nbsp; Depuis Courseulles Le temps&#8230; Le vent&#8230; L&rsquo;\u00e9tape SW\/W8\/12 n\u0153uds 0 miles En allant au march\u00e9 aux poissons, nous croisons ces filets multicolores, que nous ne rencontrons pas ailleurs. &nbsp; Les \u00e9tals proposent le produit de la p\u00eache des bateaux de Courseulles. Nous ne pouvons pas r\u00e9sister \u00e0 l&rsquo;appel des ces demi-tourteaux qui seront mang\u00e9s [&hellip;]<\/p>\n","protected":false},"author":2,"featured_media":0,"comment_status":"open","ping_status":"open","sticky":false,"template":"","format":"standard","meta":{"footnotes":""},"categories":[16],"tags":[3],"class_list":["post-2774","post","type-post","status-publish","format-standard","hentry","category-ete-2013","tag-escales"],"_links":{"self":[{"href":"https:\/\/blog.guilben.fr\/index.php?rest_route=\/wp\/v2\/posts\/2774","targetHints":{"allow":["GET"]}}],"collection":[{"href":"https:\/\/blog.guilben.fr\/index.php?rest_route=\/wp\/v2\/posts"}],"about":[{"href":"https:\/\/blog.guilben.fr\/index.php?rest_route=\/wp\/v2\/types\/post"}],"author":[{"embeddable":true,"href":"https:\/\/blog.guilben.fr\/index.php?rest_route=\/wp\/v2\/users\/2"}],"replies":[{"embeddable":true,"href":"https:\/\/blog.guilben.fr\/index.php?rest_route=%2Fwp%2Fv2%2Fcomments&post=2774"}],"version-history":[{"count":6,"href":"https:\/\/blog.guilben.fr\/index.php?rest_route=\/wp\/v2\/posts\/2774\/revisions"}],"predecessor-version":[{"id":2812,"href":"https:\/\/blog.guilben.fr\/index.php?rest_route=\/wp\/v2\/posts\/2774\/revisions\/2812"}],"wp:attachment":[{"href":"https:\/\/blog.guilben.fr\/index.php?rest_route=%2Fwp%2Fv2%2Fmedia&parent=2774"}],"wp:term":[{"taxonomy":"category","embeddable":true,"href":"https:\/\/blog.guilben.fr\/index.php?rest_route=%2Fwp%2Fv2%2Fcategories&post=2774"},{"taxonomy":"post_tag","embeddable":true,"href":"https:\/\/blog.guilben.fr\/index.php?rest_route=%2Fwp%2Fv2%2Ftags&post=2774"}],"curies":[{"name":"wp","href":"https:\/\/api.w.org\/{rel}","templated":true}]}}