{"id":193,"date":"2009-04-25T20:46:21","date_gmt":"2009-04-25T19:46:21","guid":{"rendered":"https:\/\/blog.guilben.fr\/?p=193"},"modified":"2009-06-26T15:48:03","modified_gmt":"2009-06-26T14:48:03","slug":"en-route-vers-le-crouesty","status":"publish","type":"post","link":"https:\/\/blog.guilben.fr\/?p=193","title":{"rendered":"En route vers Le Crouesty"},"content":{"rendered":"<p>Le programme de cette ann\u00e9e : partir du Crouesty, remonter du c\u00f4t\u00e9 de Concarneau et redescendre \u00e0 La Rochelle. Des escales dans les \u00eeles sont bien s\u00fbr pr\u00e9vues !<\/p>\n<p><iframe width=\"480\" height=\"350\" frameborder=\"0\" scrolling=\"no\" marginheight=\"0\" marginwidth=\"0\" src=\"http:\/\/maps.google.com\/maps\/ms?ie=UTF8&amp;hl=fr&amp;msa=0&amp;msid=105791651964858804990.00046821f158287a8c0b0&amp;ll=46.897053,-2.554321&amp;spn=2.627478,4.669189&amp;z=7&amp;output=embed\"><\/iframe><br \/><small>Afficher <a href=\"http:\/\/maps.google.com\/maps\/ms?ie=UTF8&amp;hl=fr&amp;msa=0&amp;msid=105791651964858804990.00046821f158287a8c0b0&amp;ll=46.897053,-2.554321&amp;spn=2.627478,4.669189&amp;z=7&amp;source=embed\" style=\"color:#0000FF;text-align:left\">Itin\u00e9raire pr\u00e9vu 2009<\/a> sur une carte plus grande<\/small><\/p>\n","protected":false},"excerpt":{"rendered":"<p>Le programme de cette ann\u00e9e : partir du Crouesty, remonter du c\u00f4t\u00e9 de Concarneau et redescendre \u00e0 La Rochelle. Des escales dans les \u00eeles sont bien s\u00fbr pr\u00e9vues ! Afficher Itin\u00e9raire pr\u00e9vu 2009 sur une carte plus grande<\/p>\n","protected":false},"author":2,"featured_media":0,"comment_status":"open","ping_status":"open","sticky":false,"template":"","format":"standard","meta":{"footnotes":""},"categories":[9],"tags":[5],"class_list":["post-193","post","type-post","status-publish","format-standard","hentry","category-ete_2009","tag-preparatifs"],"_links":{"self":[{"href":"https:\/\/blog.guilben.fr\/index.php?rest_route=\/wp\/v2\/posts\/193","targetHints":{"allow":["GET"]}}],"collection":[{"href":"https:\/\/blog.guilben.fr\/index.php?rest_route=\/wp\/v2\/posts"}],"about":[{"href":"https:\/\/blog.guilben.fr\/index.php?rest_route=\/wp\/v2\/types\/post"}],"author":[{"embeddable":true,"href":"https:\/\/blog.guilben.fr\/index.php?rest_route=\/wp\/v2\/users\/2"}],"replies":[{"embeddable":true,"href":"https:\/\/blog.guilben.fr\/index.php?rest_route=%2Fwp%2Fv2%2Fcomments&post=193"}],"version-history":[{"count":32,"href":"https:\/\/blog.guilben.fr\/index.php?rest_route=\/wp\/v2\/posts\/193\/revisions"}],"predecessor-version":[{"id":248,"href":"https:\/\/blog.guilben.fr\/index.php?rest_route=\/wp\/v2\/posts\/193\/revisions\/248"}],"wp:attachment":[{"href":"https:\/\/blog.guilben.fr\/index.php?rest_route=%2Fwp%2Fv2%2Fmedia&parent=193"}],"wp:term":[{"taxonomy":"category","embeddable":true,"href":"https:\/\/blog.guilben.fr\/index.php?rest_route=%2Fwp%2Fv2%2Fcategories&post=193"},{"taxonomy":"post_tag","embeddable":true,"href":"https:\/\/blog.guilben.fr\/index.php?rest_route=%2Fwp%2Fv2%2Ftags&post=193"}],"curies":[{"name":"wp","href":"https:\/\/api.w.org\/{rel}","templated":true}]}}