{"id":1423,"date":"2010-08-18T18:17:07","date_gmt":"2010-08-18T16:17:07","guid":{"rendered":"https:\/\/blog.guilben.fr\/?p=1423"},"modified":"2010-08-19T16:51:14","modified_gmt":"2010-08-19T14:51:14","slug":"grand-soleil-et-ciel-bleu-a-middelburg%c2%a0","status":"publish","type":"post","link":"https:\/\/blog.guilben.fr\/?p=1423","title":{"rendered":"Grand soleil et ciel bleu \u00e0 Middelburg\u00a0!"},"content":{"rendered":"<p><iframe width=\"450\" height=\"350\" frameborder=\"0\" scrolling=\"no\" marginheight=\"0\" marginwidth=\"0\" src=\"http:\/\/maps.google.com\/maps\/ms?ie=UTF8&amp;hl=fr&amp;msa=0&amp;msid=105791651964858804990.00048ab9d399dcc0289e5&amp;ll=51.593282,3.872681&amp;spn=0.2986,0.617981&amp;z=10&amp;output=embed\"><\/iframe><br \/><small>Afficher <a href=\"http:\/\/maps.google.com\/maps\/ms?ie=UTF8&amp;hl=fr&amp;msa=0&amp;msid=105791651964858804990.00048ab9d399dcc0289e5&amp;ll=51.593282,3.872681&amp;spn=0.2986,0.617981&amp;z=10&amp;source=embed\" style=\"color:#0000FF;text-align:left\">Midddleburg &#8211; Bruinisse<\/a> sur une carte plus grande<\/small><\/p>\n<p>La m\u00e9t\u00e9o avait annonc\u00e9 une belle journ\u00e9e dont nous avons profit\u00e9\u2026 avec de nombreux autres plaisanciers qui souhaitent rejoindre le sud (de la Hollande\u00a0!)<\/p>\n<p>Partis \u00e0 huit heures, nous attendons l\u2019ouverture de l\u2019\u00e9cluse de Bruinisse (\u00e0 10 mn de navigation) jusqu\u2019\u00e0 neuf heures. Il semble qu\u2019ouvrir et sasser des m\u00e8tres cubes d\u2019eau pour un seul bateau ne les int\u00e9resse pas trop.<\/p>\n<p>Nous quittons les grandes \u00e9cluses avec autoroute au dessus sans d\u00e9plaisir car les temps d\u2019attente sont parfois longs.<\/p>\n<p><img fetchpriority=\"high\" decoding=\"async\" class=\"aligncenter size-full wp-image-1424\" title=\"pont\" src=\"https:\/\/blog.guilben.fr\/wp-content\/uploads\/2010\/08\/pont.jpg\" alt=\"\" width=\"450\" height=\"338\" srcset=\"https:\/\/blog.guilben.fr\/wp-content\/uploads\/2010\/08\/pont.jpg 450w, https:\/\/blog.guilben.fr\/wp-content\/uploads\/2010\/08\/pont-150x112.jpg 150w, https:\/\/blog.guilben.fr\/wp-content\/uploads\/2010\/08\/pont-300x225.jpg 300w\" sizes=\"(max-width: 450px) 100vw, 450px\" \/><\/p>\n<p>Nous avons un vent plut\u00f4t dans le nez jusqu\u2019\u00e0 Colinjsplaat puis le grand soleil arrive d\u00e8s que nous entrons dans la Verse meer, la M\u00e9diterran\u00e9e des hollandais.<\/p>\n<p><img decoding=\"async\" class=\"aligncenter size-full wp-image-1426\" title=\"mouette\" src=\"https:\/\/blog.guilben.fr\/wp-content\/uploads\/2010\/08\/mouette.jpg\" alt=\"\" width=\"450\" height=\"337\" srcset=\"https:\/\/blog.guilben.fr\/wp-content\/uploads\/2010\/08\/mouette.jpg 450w, https:\/\/blog.guilben.fr\/wp-content\/uploads\/2010\/08\/mouette-150x112.jpg 150w, https:\/\/blog.guilben.fr\/wp-content\/uploads\/2010\/08\/mouette-300x224.jpg 300w\" sizes=\"(max-width: 450px) 100vw, 450px\" \/><\/p>\n<p>La petite \u00e9cluse de Veere accuse une grande diff\u00e9rence de niveau entre ses deux c\u00f4t\u00e9s. Le courant important brasse les bateaux et chacun s\u2019accroche \u00e0 ses amarres.<\/p>\n<p><img decoding=\"async\" class=\"aligncenter size-full wp-image-1427\" title=\"ecluse\" src=\"https:\/\/blog.guilben.fr\/wp-content\/uploads\/2010\/08\/ecluse1.jpg\" alt=\"\" width=\"450\" height=\"338\" srcset=\"https:\/\/blog.guilben.fr\/wp-content\/uploads\/2010\/08\/ecluse1.jpg 450w, https:\/\/blog.guilben.fr\/wp-content\/uploads\/2010\/08\/ecluse1-150x112.jpg 150w, https:\/\/blog.guilben.fr\/wp-content\/uploads\/2010\/08\/ecluse1-300x225.jpg 300w\" sizes=\"(max-width: 450px) 100vw, 450px\" \/><\/p>\n<p>Nous rencontrons de plus en plus de fran\u00e7ais qui rentrent et qui se font du souci car la m\u00e9t\u00e9o \u00e0 partir de demain n\u2019est pas fameuse en mer du Nord jusqu\u2019\u00e0 dimanche.<\/p>\n<p><img loading=\"lazy\" decoding=\"async\" class=\"aligncenter size-full wp-image-1428\" title=\"moutons\" src=\"https:\/\/blog.guilben.fr\/wp-content\/uploads\/2010\/08\/moutons.jpg\" alt=\"\" width=\"450\" height=\"337\" srcset=\"https:\/\/blog.guilben.fr\/wp-content\/uploads\/2010\/08\/moutons.jpg 450w, https:\/\/blog.guilben.fr\/wp-content\/uploads\/2010\/08\/moutons-150x112.jpg 150w, https:\/\/blog.guilben.fr\/wp-content\/uploads\/2010\/08\/moutons-300x224.jpg 300w\" sizes=\"(max-width: 450px) 100vw, 450px\" \/><\/p>\n<p>Nous retrouvons avec beaucoup de plaisir ce port de centre ville, encore tr\u00e8s actif en cette fin ao\u00fbt. Les petits bateaux de touristes continuent inlassablement \u00e0 sillonner les canaux de la ville avec le point d\u2019orgue\u00a0: un pont tr\u00e8s bas o\u00f9 il faut se baisser dans le bateau d\u00e9j\u00e0 bas pour passer sans probl\u00e8me\u00a0!<\/p>\n<p><img loading=\"lazy\" decoding=\"async\" class=\"aligncenter size-full wp-image-1429\" title=\"toutuou\" src=\"https:\/\/blog.guilben.fr\/wp-content\/uploads\/2010\/08\/toutuou.jpg\" alt=\"\" width=\"450\" height=\"338\" srcset=\"https:\/\/blog.guilben.fr\/wp-content\/uploads\/2010\/08\/toutuou.jpg 450w, https:\/\/blog.guilben.fr\/wp-content\/uploads\/2010\/08\/toutuou-150x112.jpg 150w, https:\/\/blog.guilben.fr\/wp-content\/uploads\/2010\/08\/toutuou-300x225.jpg 300w\" sizes=\"(max-width: 450px) 100vw, 450px\" \/><\/p>\n","protected":false},"excerpt":{"rendered":"<p>Afficher Midddleburg &#8211; Bruinisse sur une carte plus grande La m\u00e9t\u00e9o avait annonc\u00e9 une belle journ\u00e9e dont nous avons profit\u00e9\u2026 avec de nombreux autres plaisanciers qui souhaitent rejoindre le sud (de la Hollande\u00a0!) Partis \u00e0 huit heures, nous attendons l\u2019ouverture de l\u2019\u00e9cluse de Bruinisse (\u00e0 10 mn de navigation) jusqu\u2019\u00e0 neuf heures. Il semble qu\u2019ouvrir [&hellip;]<\/p>\n","protected":false},"author":2,"featured_media":0,"comment_status":"open","ping_status":"open","sticky":false,"template":"","format":"standard","meta":{"footnotes":""},"categories":[10],"tags":[4],"class_list":["post-1423","post","type-post","status-publish","format-standard","hentry","category-ete-2010","tag-navigation"],"_links":{"self":[{"href":"https:\/\/blog.guilben.fr\/index.php?rest_route=\/wp\/v2\/posts\/1423","targetHints":{"allow":["GET"]}}],"collection":[{"href":"https:\/\/blog.guilben.fr\/index.php?rest_route=\/wp\/v2\/posts"}],"about":[{"href":"https:\/\/blog.guilben.fr\/index.php?rest_route=\/wp\/v2\/types\/post"}],"author":[{"embeddable":true,"href":"https:\/\/blog.guilben.fr\/index.php?rest_route=\/wp\/v2\/users\/2"}],"replies":[{"embeddable":true,"href":"https:\/\/blog.guilben.fr\/index.php?rest_route=%2Fwp%2Fv2%2Fcomments&post=1423"}],"version-history":[{"count":3,"href":"https:\/\/blog.guilben.fr\/index.php?rest_route=\/wp\/v2\/posts\/1423\/revisions"}],"predecessor-version":[{"id":1441,"href":"https:\/\/blog.guilben.fr\/index.php?rest_route=\/wp\/v2\/posts\/1423\/revisions\/1441"}],"wp:attachment":[{"href":"https:\/\/blog.guilben.fr\/index.php?rest_route=%2Fwp%2Fv2%2Fmedia&parent=1423"}],"wp:term":[{"taxonomy":"category","embeddable":true,"href":"https:\/\/blog.guilben.fr\/index.php?rest_route=%2Fwp%2Fv2%2Fcategories&post=1423"},{"taxonomy":"post_tag","embeddable":true,"href":"https:\/\/blog.guilben.fr\/index.php?rest_route=%2Fwp%2Fv2%2Ftags&post=1423"}],"curies":[{"name":"wp","href":"https:\/\/api.w.org\/{rel}","templated":true}]}}