{"id":1357,"date":"2010-08-11T22:04:28","date_gmt":"2010-08-11T20:04:28","guid":{"rendered":"https:\/\/blog.guilben.fr\/?p=1357"},"modified":"2010-08-11T22:04:28","modified_gmt":"2010-08-11T20:04:28","slug":"visite-de-gouda","status":"publish","type":"post","link":"https:\/\/blog.guilben.fr\/?p=1357","title":{"rendered":"Visite de Gouda"},"content":{"rendered":"<p>Nous profitons d&rsquo;une belle journ\u00e9e ensoleill\u00e9e pour visiter la ville de Gouda (qui se prononce Raouda !).<\/p>\n<p>Nous visitons l&rsquo;h\u00f4tel de ville (\u00ab\u00a0Stadhuis\u00a0\u00bb) qui est un monument assez impressionnant.<\/p>\n<p><img fetchpriority=\"high\" decoding=\"async\" class=\"aligncenter size-full wp-image-1358\" title=\"CIMG3511\" src=\"https:\/\/blog.guilben.fr\/wp-content\/uploads\/2010\/08\/CIMG3511.jpg\" alt=\"\" width=\"338\" height=\"450\" srcset=\"https:\/\/blog.guilben.fr\/wp-content\/uploads\/2010\/08\/CIMG3511.jpg 338w, https:\/\/blog.guilben.fr\/wp-content\/uploads\/2010\/08\/CIMG3511-112x150.jpg 112w, https:\/\/blog.guilben.fr\/wp-content\/uploads\/2010\/08\/CIMG3511-225x300.jpg 225w\" sizes=\"(max-width: 338px) 100vw, 338px\" \/><\/p>\n<p>Nous poursuivons par une balance publique (cr\u00e9\u00e9e il y a pr\u00e8s de 400 ans pour peser les fromages sur la place du march\u00e9 et ainsi appliquer un impot \u00ab\u00a0au poids\u00a0\u00bb sur les fromages vendus).<\/p>\n<p><img decoding=\"async\" class=\"aligncenter size-full wp-image-1359\" title=\"CIMG3537\" src=\"https:\/\/blog.guilben.fr\/wp-content\/uploads\/2010\/08\/CIMG3537.jpg\" alt=\"\" width=\"338\" height=\"450\" srcset=\"https:\/\/blog.guilben.fr\/wp-content\/uploads\/2010\/08\/CIMG3537.jpg 338w, https:\/\/blog.guilben.fr\/wp-content\/uploads\/2010\/08\/CIMG3537-112x150.jpg 112w, https:\/\/blog.guilben.fr\/wp-content\/uploads\/2010\/08\/CIMG3537-225x300.jpg 225w\" sizes=\"(max-width: 338px) 100vw, 338px\" \/><\/p>\n<p>Nous poursuivons notre balade dans les diff\u00e9rentes rues. Les volets rouges, tr\u00e8s typiques de b\u00e2timents de Gouda sont pr\u00e9sents partout. Ici \u00e0 la biblioth\u00e8que.<\/p>\n<p><img decoding=\"async\" class=\"aligncenter size-full wp-image-1360\" title=\"CIMG3551\" src=\"https:\/\/blog.guilben.fr\/wp-content\/uploads\/2010\/08\/CIMG3551.jpg\" alt=\"\" width=\"450\" height=\"338\" srcset=\"https:\/\/blog.guilben.fr\/wp-content\/uploads\/2010\/08\/CIMG3551.jpg 450w, https:\/\/blog.guilben.fr\/wp-content\/uploads\/2010\/08\/CIMG3551-150x112.jpg 150w, https:\/\/blog.guilben.fr\/wp-content\/uploads\/2010\/08\/CIMG3551-300x225.jpg 300w\" sizes=\"(max-width: 450px) 100vw, 450px\" \/><\/p>\n<p>La ville rappelle que le fromage est au centre de la cit\u00e9 ! Ici sur les canaux mais \u00e9galement pendus dans les rues ou incrust\u00e9s dans certaines maisons.<\/p>\n<p><img loading=\"lazy\" decoding=\"async\" class=\"aligncenter size-full wp-image-1361\" title=\"CIMG3505\" src=\"https:\/\/blog.guilben.fr\/wp-content\/uploads\/2010\/08\/CIMG3505.jpg\" alt=\"\" width=\"450\" height=\"338\" srcset=\"https:\/\/blog.guilben.fr\/wp-content\/uploads\/2010\/08\/CIMG3505.jpg 450w, https:\/\/blog.guilben.fr\/wp-content\/uploads\/2010\/08\/CIMG3505-150x112.jpg 150w, https:\/\/blog.guilben.fr\/wp-content\/uploads\/2010\/08\/CIMG3505-300x225.jpg 300w\" sizes=\"(max-width: 450px) 100vw, 450px\" \/><\/p>\n","protected":false},"excerpt":{"rendered":"<p>Nous profitons d&rsquo;une belle journ\u00e9e ensoleill\u00e9e pour visiter la ville de Gouda (qui se prononce Raouda !). Nous visitons l&rsquo;h\u00f4tel de ville (\u00ab\u00a0Stadhuis\u00a0\u00bb) qui est un monument assez impressionnant. Nous poursuivons par une balance publique (cr\u00e9\u00e9e il y a pr\u00e8s de 400 ans pour peser les fromages sur la place du march\u00e9 et ainsi appliquer [&hellip;]<\/p>\n","protected":false},"author":2,"featured_media":0,"comment_status":"open","ping_status":"open","sticky":false,"template":"","format":"standard","meta":{"footnotes":""},"categories":[10],"tags":[3],"class_list":["post-1357","post","type-post","status-publish","format-standard","hentry","category-ete-2010","tag-escales"],"_links":{"self":[{"href":"https:\/\/blog.guilben.fr\/index.php?rest_route=\/wp\/v2\/posts\/1357","targetHints":{"allow":["GET"]}}],"collection":[{"href":"https:\/\/blog.guilben.fr\/index.php?rest_route=\/wp\/v2\/posts"}],"about":[{"href":"https:\/\/blog.guilben.fr\/index.php?rest_route=\/wp\/v2\/types\/post"}],"author":[{"embeddable":true,"href":"https:\/\/blog.guilben.fr\/index.php?rest_route=\/wp\/v2\/users\/2"}],"replies":[{"embeddable":true,"href":"https:\/\/blog.guilben.fr\/index.php?rest_route=%2Fwp%2Fv2%2Fcomments&post=1357"}],"version-history":[{"count":2,"href":"https:\/\/blog.guilben.fr\/index.php?rest_route=\/wp\/v2\/posts\/1357\/revisions"}],"predecessor-version":[{"id":1363,"href":"https:\/\/blog.guilben.fr\/index.php?rest_route=\/wp\/v2\/posts\/1357\/revisions\/1363"}],"wp:attachment":[{"href":"https:\/\/blog.guilben.fr\/index.php?rest_route=%2Fwp%2Fv2%2Fmedia&parent=1357"}],"wp:term":[{"taxonomy":"category","embeddable":true,"href":"https:\/\/blog.guilben.fr\/index.php?rest_route=%2Fwp%2Fv2%2Fcategories&post=1357"},{"taxonomy":"post_tag","embeddable":true,"href":"https:\/\/blog.guilben.fr\/index.php?rest_route=%2Fwp%2Fv2%2Ftags&post=1357"}],"curies":[{"name":"wp","href":"https:\/\/api.w.org\/{rel}","templated":true}]}}