{"id":1284,"date":"2010-07-31T17:23:21","date_gmt":"2010-07-31T15:23:21","guid":{"rendered":"https:\/\/blog.guilben.fr\/?p=1284"},"modified":"2010-07-31T17:23:21","modified_gmt":"2010-07-31T15:23:21","slug":"on-se-prepare-a-quitter-provisoirement-le-bateau","status":"publish","type":"post","link":"https:\/\/blog.guilben.fr\/?p=1284","title":{"rendered":"On se pr\u00e9pare \u00e0 quitter (provisoirement !) le bateau"},"content":{"rendered":"<p><iframe width=\"425\" height=\"350\" frameborder=\"0\" scrolling=\"no\" marginheight=\"0\" marginwidth=\"0\" src=\"http:\/\/maps.google.com\/maps\/ms?ie=UTF8&amp;hl=fr&amp;msa=0&amp;msid=105791651964858804990.00048c27784c06262adb2&amp;ll=52.490045,5.064354&amp;spn=0.002286,0.00456&amp;z=17&amp;output=embed\"><\/iframe><br \/><small>Afficher <a href=\"http:\/\/maps.google.com\/maps\/ms?ie=UTF8&amp;hl=fr&amp;msa=0&amp;msid=105791651964858804990.00048c27784c06262adb2&amp;ll=52.490045,5.064354&amp;spn=0.002286,0.00456&amp;z=17&amp;source=embed\" style=\"color:#0000FF;text-align:left\">Volendam3<\/a> sur une carte plus grande<\/small><\/p>\n<p>Comme l\u2019avait pr\u00e9vu la m\u00e9t\u00e9o, la journ\u00e9e d\u2019aujourd\u2019hui ne commence pas tr\u00e8s bien\u00a0: temps gris, petit crachin par moment et vent assez soutenu de sud. Chacun flemmarde au lit entre 7 h 00 et 9 h 30. On peut mettre des noms sur les diff\u00e9rents horaires\u2026<\/p>\n<p>Vu le temps, Annie a la m\u00eame id\u00e9e qu\u2019une cinquantaine de r\u00e9sidents\u00a0: utiliser la laverie du port. Ce n\u2019est qu\u2019apr\u00e8s 13 h 00 qu\u2019elle reviendra au bateau, apr\u00e8s avoir largement entam\u00e9 un \u00ab\u00a0Mary Higgins Clark\u00a0\u00bb\u00a0!<\/p>\n<p>L\u2019apr\u00e8s-midi est consacr\u00e9 aux courses au supermarch\u00e9 en ville. M\u00eame si d\u2019autres ont la m\u00eame id\u00e9e, l\u2019organisation est telle que l\u2019on ne fait pas la queue\u00a0! Notre petit mousse se transforme en livreur pour son grand plaisir.<\/p>\n<p><img fetchpriority=\"high\" decoding=\"async\" class=\"aligncenter size-full wp-image-1285\" title=\"Ete10-2374\" src=\"https:\/\/blog.guilben.fr\/wp-content\/uploads\/2010\/07\/Ete10-2374.jpg\" alt=\"\" width=\"450\" height=\"338\" srcset=\"https:\/\/blog.guilben.fr\/wp-content\/uploads\/2010\/07\/Ete10-2374.jpg 450w, https:\/\/blog.guilben.fr\/wp-content\/uploads\/2010\/07\/Ete10-2374-150x112.jpg 150w, https:\/\/blog.guilben.fr\/wp-content\/uploads\/2010\/07\/Ete10-2374-300x225.jpg 300w\" sizes=\"(max-width: 450px) 100vw, 450px\" \/><\/p>\n<p>Dans les parages du port, nous rencontrons Dominique Leglout, le journaliste sportif de France 2. Comme quoi, nous ne sommes pas les seuls fran\u00e7ais au nord d\u2019Amsterdam\u00a0!<\/p>\n<p>Comme promis, la vid\u00e9o d\u2019hier a fini par \u00eatre envoy\u00e9e et la voici.<\/p>\n<p><object width=\"480\" height=\"360\"><param name=\"movie\" value=\"http:\/\/www.dailymotion.com\/swf\/video\/xe7ib6_damien0730_people?additionalInfos=0\"><\/param><param name=\"allowFullScreen\" value=\"true\"><\/param><param name=\"allowScriptAccess\" value=\"always\"><\/param><embed type=\"application\/x-shockwave-flash\" src=\"http:\/\/www.dailymotion.com\/swf\/video\/xe7ib6_damien0730_people?additionalInfos=0\" width=\"480\" height=\"360\" allowfullscreen=\"true\" allowscriptaccess=\"always\"><\/embed><\/object><br \/><b><a href=\"http:\/\/www.dailymotion.com\/video\/xe7ib6_damien0730_people\">Damien0730<\/a><\/b><br \/><i>envoy&eacute; par <a href=\"http:\/\/www.dailymotion.com\/guilben01\">guilben01<\/a>. &#8211; <a href=\"http:\/\/www.dailymotion.com\/fr\/channel\/people\">Les grands &eacute;v&eacute;nements de la vie de famille en vid&eacute;o.<\/a><\/i><\/p>\n","protected":false},"excerpt":{"rendered":"<p>Afficher Volendam3 sur une carte plus grande Comme l\u2019avait pr\u00e9vu la m\u00e9t\u00e9o, la journ\u00e9e d\u2019aujourd\u2019hui ne commence pas tr\u00e8s bien\u00a0: temps gris, petit crachin par moment et vent assez soutenu de sud. Chacun flemmarde au lit entre 7 h 00 et 9 h 30. On peut mettre des noms sur les diff\u00e9rents horaires\u2026 Vu le [&hellip;]<\/p>\n","protected":false},"author":2,"featured_media":0,"comment_status":"open","ping_status":"open","sticky":false,"template":"","format":"standard","meta":{"footnotes":""},"categories":[10],"tags":[3],"class_list":["post-1284","post","type-post","status-publish","format-standard","hentry","category-ete-2010","tag-escales"],"_links":{"self":[{"href":"https:\/\/blog.guilben.fr\/index.php?rest_route=\/wp\/v2\/posts\/1284","targetHints":{"allow":["GET"]}}],"collection":[{"href":"https:\/\/blog.guilben.fr\/index.php?rest_route=\/wp\/v2\/posts"}],"about":[{"href":"https:\/\/blog.guilben.fr\/index.php?rest_route=\/wp\/v2\/types\/post"}],"author":[{"embeddable":true,"href":"https:\/\/blog.guilben.fr\/index.php?rest_route=\/wp\/v2\/users\/2"}],"replies":[{"embeddable":true,"href":"https:\/\/blog.guilben.fr\/index.php?rest_route=%2Fwp%2Fv2%2Fcomments&post=1284"}],"version-history":[{"count":1,"href":"https:\/\/blog.guilben.fr\/index.php?rest_route=\/wp\/v2\/posts\/1284\/revisions"}],"predecessor-version":[{"id":1286,"href":"https:\/\/blog.guilben.fr\/index.php?rest_route=\/wp\/v2\/posts\/1284\/revisions\/1286"}],"wp:attachment":[{"href":"https:\/\/blog.guilben.fr\/index.php?rest_route=%2Fwp%2Fv2%2Fmedia&parent=1284"}],"wp:term":[{"taxonomy":"category","embeddable":true,"href":"https:\/\/blog.guilben.fr\/index.php?rest_route=%2Fwp%2Fv2%2Fcategories&post=1284"},{"taxonomy":"post_tag","embeddable":true,"href":"https:\/\/blog.guilben.fr\/index.php?rest_route=%2Fwp%2Fv2%2Ftags&post=1284"}],"curies":[{"name":"wp","href":"https:\/\/api.w.org\/{rel}","templated":true}]}}