{"id":1212,"date":"2010-07-24T21:43:05","date_gmt":"2010-07-24T19:43:05","guid":{"rendered":"https:\/\/blog.guilben.fr\/?p=1212"},"modified":"2010-07-24T22:02:04","modified_gmt":"2010-07-24T20:02:04","slug":"petit-tour-dans-la-baie","status":"publish","type":"post","link":"https:\/\/blog.guilben.fr\/?p=1212","title":{"rendered":"Petit tour dans la baie"},"content":{"rendered":"<p><!-- \t\t@page { margin: 2cm } \t\tP { margin-bottom: 0.21cm } --><br \/>\n<iframe width=\"425\" height=\"350\" frameborder=\"0\" scrolling=\"no\" marginheight=\"0\" marginwidth=\"0\" src=\"http:\/\/maps.google.com\/maps\/ms?ie=UTF8&amp;hl=fr&amp;msa=0&amp;msid=105791651964858804990.00048c24fffa6f2f19627&amp;ll=52.47107,5.116882&amp;spn=0.073199,0.145912&amp;z=12&amp;iwloc=00048c25072e868c84744&amp;output=embed\"><\/iframe><br \/><small>Afficher <a href=\"http:\/\/maps.google.com\/maps\/ms?ie=UTF8&amp;hl=fr&amp;msa=0&amp;msid=105791651964858804990.00048c24fffa6f2f19627&amp;ll=52.47107,5.116882&amp;spn=0.073199,0.145912&amp;z=12&amp;iwloc=00048c25072e868c84744&amp;source=embed\" style=\"color:#0000FF;text-align:left\">Autour de Volendam<\/a> sur une carte plus grande<\/small><\/p>\n<p>Le temps est beau et frais\u2026 pour nous autres fran\u00e7ais\u00a0! Les hollandais naviguent en tee-shirts pour les hommes et en caraco pour les femmes. Le vent est froid et nous nous habillons\u2026 ce qui n\u2019est pas superflu\u00a0! Question de culture et d\u2019habitude\u00a0!<\/p>\n<p><img fetchpriority=\"high\" decoding=\"async\" class=\"aligncenter size-full wp-image-1213\" title=\"tous\" src=\"https:\/\/blog.guilben.fr\/wp-content\/uploads\/2010\/07\/tous.jpg\" alt=\"\" width=\"450\" height=\"338\" srcset=\"https:\/\/blog.guilben.fr\/wp-content\/uploads\/2010\/07\/tous.jpg 450w, https:\/\/blog.guilben.fr\/wp-content\/uploads\/2010\/07\/tous-150x112.jpg 150w, https:\/\/blog.guilben.fr\/wp-content\/uploads\/2010\/07\/tous-300x225.jpg 300w\" sizes=\"(max-width: 450px) 100vw, 450px\" \/><\/p>\n<p>Damien reprend la barre et se d\u00e9brouille plut\u00f4t bien, m\u00eame s\u2019il faut de temps en temps un petit rappel \u00e0 l\u2019ordre\u00a0!<\/p>\n<p><img decoding=\"async\" class=\"aligncenter size-full wp-image-1214\" title=\"DAM\" src=\"https:\/\/blog.guilben.fr\/wp-content\/uploads\/2010\/07\/DAM.jpg\" alt=\"\" width=\"450\" height=\"338\" srcset=\"https:\/\/blog.guilben.fr\/wp-content\/uploads\/2010\/07\/DAM.jpg 450w, https:\/\/blog.guilben.fr\/wp-content\/uploads\/2010\/07\/DAM-150x112.jpg 150w, https:\/\/blog.guilben.fr\/wp-content\/uploads\/2010\/07\/DAM-300x225.jpg 300w\" sizes=\"(max-width: 450px) 100vw, 450px\" \/><\/p>\n<p>Nous nous approchons de la maison phare du bout de l\u2019\u00eele Merken.<\/p>\n<p><img decoding=\"async\" class=\"aligncenter size-full wp-image-1215\" title=\"maisonpha\" src=\"https:\/\/blog.guilben.fr\/wp-content\/uploads\/2010\/07\/maisonpha.jpg\" alt=\"\" width=\"450\" height=\"300\" srcset=\"https:\/\/blog.guilben.fr\/wp-content\/uploads\/2010\/07\/maisonpha.jpg 450w, https:\/\/blog.guilben.fr\/wp-content\/uploads\/2010\/07\/maisonpha-150x100.jpg 150w, https:\/\/blog.guilben.fr\/wp-content\/uploads\/2010\/07\/maisonpha-300x200.jpg 300w\" sizes=\"(max-width: 450px) 100vw, 450px\" \/><\/p>\n<p>En fin d\u2019apr\u00e8s-midi, nous faisons en voiture un petit tour sur la route des moulins.<\/p>\n<p><object classid=\"clsid:d27cdb6e-ae6d-11cf-96b8-444553540000\" width=\"480\" height=\"272\" codebase=\"http:\/\/download.macromedia.com\/pub\/shockwave\/cabs\/flash\/swflash.cab#version=6,0,40,0\"><param name=\"allowFullScreen\" value=\"true\" \/><param name=\"allowScriptAccess\" value=\"always\" \/><param name=\"src\" value=\"http:\/\/www.dailymotion.com\/swf\/video\/xe55p0_damien0724_people?additionalInfos=0\" \/><param name=\"allowfullscreen\" value=\"true\" \/><embed type=\"application\/x-shockwave-flash\" width=\"480\" height=\"272\" src=\"http:\/\/www.dailymotion.com\/swf\/video\/xe55p0_damien0724_people?additionalInfos=0\" allowscriptaccess=\"always\" allowfullscreen=\"true\"><\/embed><\/object><br \/>\n<strong><a href=\"http:\/\/www.dailymotion.com\/video\/xe55p0_damien0724_people\">Damien0724<\/a><\/strong><br \/>\n<em>envoy\u00e9 par <a href=\"http:\/\/www.dailymotion.com\/guilben01\">guilben01<\/a>. &#8211; <a href=\"http:\/\/www.dailymotion.com\/fr\/channel\/people\">La vie de famille \u00e0 travers le monde en vid\u00e9o.<\/a><\/em><\/p>\n","protected":false},"excerpt":{"rendered":"<p>Afficher Autour de Volendam sur une carte plus grande Le temps est beau et frais\u2026 pour nous autres fran\u00e7ais\u00a0! Les hollandais naviguent en tee-shirts pour les hommes et en caraco pour les femmes. Le vent est froid et nous nous habillons\u2026 ce qui n\u2019est pas superflu\u00a0! Question de culture et d\u2019habitude\u00a0! Damien reprend la barre [&hellip;]<\/p>\n","protected":false},"author":2,"featured_media":0,"comment_status":"open","ping_status":"open","sticky":false,"template":"","format":"standard","meta":{"footnotes":""},"categories":[10],"tags":[4],"class_list":["post-1212","post","type-post","status-publish","format-standard","hentry","category-ete-2010","tag-navigation"],"_links":{"self":[{"href":"https:\/\/blog.guilben.fr\/index.php?rest_route=\/wp\/v2\/posts\/1212","targetHints":{"allow":["GET"]}}],"collection":[{"href":"https:\/\/blog.guilben.fr\/index.php?rest_route=\/wp\/v2\/posts"}],"about":[{"href":"https:\/\/blog.guilben.fr\/index.php?rest_route=\/wp\/v2\/types\/post"}],"author":[{"embeddable":true,"href":"https:\/\/blog.guilben.fr\/index.php?rest_route=\/wp\/v2\/users\/2"}],"replies":[{"embeddable":true,"href":"https:\/\/blog.guilben.fr\/index.php?rest_route=%2Fwp%2Fv2%2Fcomments&post=1212"}],"version-history":[{"count":5,"href":"https:\/\/blog.guilben.fr\/index.php?rest_route=\/wp\/v2\/posts\/1212\/revisions"}],"predecessor-version":[{"id":1218,"href":"https:\/\/blog.guilben.fr\/index.php?rest_route=\/wp\/v2\/posts\/1212\/revisions\/1218"}],"wp:attachment":[{"href":"https:\/\/blog.guilben.fr\/index.php?rest_route=%2Fwp%2Fv2%2Fmedia&parent=1212"}],"wp:term":[{"taxonomy":"category","embeddable":true,"href":"https:\/\/blog.guilben.fr\/index.php?rest_route=%2Fwp%2Fv2%2Fcategories&post=1212"},{"taxonomy":"post_tag","embeddable":true,"href":"https:\/\/blog.guilben.fr\/index.php?rest_route=%2Fwp%2Fv2%2Ftags&post=1212"}],"curies":[{"name":"wp","href":"https:\/\/api.w.org\/{rel}","templated":true}]}}